{"id":1046,"date":"2020-09-10T11:35:47","date_gmt":"2020-09-10T11:35:47","guid":{"rendered":"http:\/\/feuxfolletsgymdole.fr\/?p=1046"},"modified":"2020-09-11T08:11:39","modified_gmt":"2020-09-11T08:11:39","slug":"reprise-des-activites","status":"publish","type":"post","link":"http:\/\/feuxfolletsgymdole.fr\/?p=1046","title":{"rendered":"Reprise des activit\u00e9s"},"content":{"rendered":"\r\n\r\nLes s\u00e9ances de gymnastique reprennent \u00e0 partir du<strong> lundi 14 septembre<\/strong>. L entr\u00e9e au gymnase se fera c\u00f4t\u00e9 bar.\r\n\r\n\r\n\r\n\r\n\r\nMerci de bien lire le protocole sanitaire remis lors de l inscription et d&rsquo;appliquer les mesures barri\u00e8res.\r\n\r\n&nbsp;\r\n\r\n<a href=\"http:\/\/feuxfolletsgymdole.fr\/wp-content\/uploads\/2020\/09\/protocole-de-reprise-saison-2020-2021.pdf\">protocole de reprise saison 2020 2021<\/a>\r\n\r\n&nbsp;\r\n\r\n&nbsp;\r\n\r\n\r\n\r\n\r\n<figure class=\"wp-block-image size-large\"><img decoding=\"async\" loading=\"lazy\" class=\"wp-image-1028 aligncenter\" src=\"http:\/\/feuxfolletsgymdole.fr\/wp-content\/uploads\/2020\/06\/Capture.jpg\" alt=\"\" width=\"459\" height=\"649\" srcset=\"http:\/\/feuxfolletsgymdole.fr\/wp-content\/uploads\/2020\/06\/Capture.jpg 303w, http:\/\/feuxfolletsgymdole.fr\/wp-content\/uploads\/2020\/06\/Capture-212x300.jpg 212w\" sizes=\"(max-width: 459px) 100vw, 459px\" \/><\/figure>\r\n\r\n\r\n\r\n<figure class=\"wp-block-image\"><img decoding=\"async\" loading=\"lazy\" class=\"wp-image-1029 aligncenter\" src=\"http:\/\/feuxfolletsgymdole.fr\/wp-content\/uploads\/2020\/06\/Capture.kJPG_.jpg\" alt=\"\" width=\"447\" height=\"635\" srcset=\"http:\/\/feuxfolletsgymdole.fr\/wp-content\/uploads\/2020\/06\/Capture.kJPG_.jpg 303w, http:\/\/feuxfolletsgymdole.fr\/wp-content\/uploads\/2020\/06\/Capture.kJPG_-211x300.jpg 211w\" sizes=\"(max-width: 447px) 100vw, 447px\" \/><\/figure>\r\n","protected":false},"excerpt":{"rendered":"<p>Les s\u00e9ances de gymnastique reprennent \u00e0 partir du lundi 14 septembre. L entr\u00e9e au gymnase se fera c\u00f4t\u00e9 bar. Merci de bien lire le protocole sanitaire remis lors de l inscription et d&rsquo;appliquer les mesures barri\u00e8res. &nbsp; protocole de reprise saison 2020 2021 &nbsp; &nbsp;<\/p>\n","protected":false},"author":1,"featured_media":0,"comment_status":"closed","ping_status":"open","sticky":false,"template":"","format":"standard","meta":[],"categories":[1],"tags":[],"_links":{"self":[{"href":"http:\/\/feuxfolletsgymdole.fr\/index.php?rest_route=\/wp\/v2\/posts\/1046"}],"collection":[{"href":"http:\/\/feuxfolletsgymdole.fr\/index.php?rest_route=\/wp\/v2\/posts"}],"about":[{"href":"http:\/\/feuxfolletsgymdole.fr\/index.php?rest_route=\/wp\/v2\/types\/post"}],"author":[{"embeddable":true,"href":"http:\/\/feuxfolletsgymdole.fr\/index.php?rest_route=\/wp\/v2\/users\/1"}],"replies":[{"embeddable":true,"href":"http:\/\/feuxfolletsgymdole.fr\/index.php?rest_route=%2Fwp%2Fv2%2Fcomments&post=1046"}],"version-history":[{"count":5,"href":"http:\/\/feuxfolletsgymdole.fr\/index.php?rest_route=\/wp\/v2\/posts\/1046\/revisions"}],"predecessor-version":[{"id":1053,"href":"http:\/\/feuxfolletsgymdole.fr\/index.php?rest_route=\/wp\/v2\/posts\/1046\/revisions\/1053"}],"wp:attachment":[{"href":"http:\/\/feuxfolletsgymdole.fr\/index.php?rest_route=%2Fwp%2Fv2%2Fmedia&parent=1046"}],"wp:term":[{"taxonomy":"category","embeddable":true,"href":"http:\/\/feuxfolletsgymdole.fr\/index.php?rest_route=%2Fwp%2Fv2%2Fcategories&post=1046"},{"taxonomy":"post_tag","embeddable":true,"href":"http:\/\/feuxfolletsgymdole.fr\/index.php?rest_route=%2Fwp%2Fv2%2Ftags&post=1046"}],"curies":[{"name":"wp","href":"https:\/\/api.w.org\/{rel}","templated":true}]}}