{"id":1887,"date":"2025-06-11T10:59:24","date_gmt":"2025-06-11T10:59:24","guid":{"rendered":"http:\/\/feuxfolletsgymdole.fr\/?p=1887"},"modified":"2025-06-11T10:59:25","modified_gmt":"2025-06-11T10:59:25","slug":"saison-2025-2026","status":"publish","type":"post","link":"http:\/\/feuxfolletsgymdole.fr\/?p=1887","title":{"rendered":"SAISON 2025-2026"},"content":{"rendered":"\n<p>Informations pour les inscriptions de la saison 2025\/2026<\/p>\n\n\n\n<p> <\/p>\n\n\n\n<p class=\"has-text-align-center\"><strong>DATE INSCRIPTIONS :<\/strong><\/p>\n\n\n\n<p class=\"has-text-align-center\">Mercredi 3 Septembre <\/p>\n\n\n\n<p class=\"has-text-align-center\">au Gymnase Josette Tournier<\/p>\n\n\n\n<p class=\"has-text-align-center\"> <strong>de 10h \u00e0 18h<\/strong><\/p>\n\n\n\n<p class=\"has-text-align-center\">Samedi 6 Septembre<\/p>\n\n\n\n<p class=\"has-text-align-center\"> \u00e0 Dolexpo<\/p>\n\n\n\n<p class=\"has-text-align-center\"><strong> \u00e0 partir de 10h<\/strong><\/p>\n\n\n\n<p class=\"has-text-align-center\"><strong><mark style=\"background-color:rgba(0, 0, 0, 0)\" class=\"has-inline-color has-pale-cyan-blue-color\">PLANNING SAISON 2025 -2026<\/mark><\/strong><\/p>\n\n\n\n<p><strong>Gym F\u00e9minine<\/strong><\/p>\n\n\n\n<p>Lundi 18h30-20h00 = Groupe Loisirs Confirm\u00e9 Ann\u00e9e 2014 et +<\/p>\n\n\n\n<p>Mercredi 13h30-15h00 = D\u00e9butante Ann\u00e9e 2019-2018-2017<\/p>\n\n\n\n<p>Mercredi 15h00-16h30 : Interm\u00e9diaire \/ D\u00e9butante = 2019-2015<\/p>\n\n\n\n<p>Mercredi 16h30-18h00 = Confirm\u00e9 = 2014 et +<\/p>\n\n\n\n<p>Vendredi 18h30-20h00 = D\u00e9butante 2014 et +<\/p>\n\n\n\n<p>Samedi 13h00-14h30 = D\u00e9butante \/ Interm\u00e9diaire = 2019-2015<\/p>\n\n\n\n<p><strong>Gym Masculine<\/strong><\/p>\n\n\n\n<p>Mercredi 13h30-15h00 = 2019 et +<\/p>\n\n\n\n<p class=\"has-text-align-center\"><strong>SECTION BABY GYM Ann\u00e9e 2024-2023<\/strong><\/p>\n\n\n\n<p>Mercredi 10h00-10h45<\/p>\n\n\n\n<p>Samedi 10h15 \u00e0 11h00<\/p>\n\n\n\n<p><strong>Ann\u00e9e 2022-2021<\/strong><\/p>\n\n\n\n<p>Mercredi = 11h00-11h45<\/p>\n\n\n\n<p>Jeudi = 17h00-17h45<\/p>\n\n\n\n<p><strong>Ann\u00e9e 2021-2020 <\/strong><\/p>\n\n\n\n<p>Mercredi = 10h00-11h00 ou 11h00-12h00 ou 16h30-17h30<\/p>\n\n\n\n<p>Samedi = 11h00-12h00<\/p>\n\n\n\n<p><\/p>\n\n\n\n<p class=\"has-text-align-center\"><strong>SECTION PARKOUR<\/strong><\/p>\n\n\n\n<p>Mercredi 15h00-16h30 = D\u00e9butant pour 2016 et +<\/p>\n\n\n\n<p>Samedi 13h00-15h00 = D\u00e9butant 2019 et +<\/p>\n","protected":false},"excerpt":{"rendered":"<p>Informations pour les inscriptions de la saison 2025\/2026 DATE INSCRIPTIONS : Mercredi 3 Septembre au Gymnase Josette Tournier de 10h \u00e0 18h Samedi 6 Septembre \u00e0 Dolexpo \u00e0 partir de 10h PLANNING SAISON 2025 -2026 Gym F\u00e9minine Lundi 18h30-20h00 = Groupe Loisirs Confirm\u00e9 Ann\u00e9e 2014 et + Mercredi 13h30-15h00 = D\u00e9butante Ann\u00e9e 2019-2018-2017 Mercredi 15h00-16h30 [&hellip;]<\/p>\n","protected":false},"author":3,"featured_media":0,"comment_status":"closed","ping_status":"open","sticky":false,"template":"","format":"standard","meta":[],"categories":[1],"tags":[],"_links":{"self":[{"href":"http:\/\/feuxfolletsgymdole.fr\/index.php?rest_route=\/wp\/v2\/posts\/1887"}],"collection":[{"href":"http:\/\/feuxfolletsgymdole.fr\/index.php?rest_route=\/wp\/v2\/posts"}],"about":[{"href":"http:\/\/feuxfolletsgymdole.fr\/index.php?rest_route=\/wp\/v2\/types\/post"}],"author":[{"embeddable":true,"href":"http:\/\/feuxfolletsgymdole.fr\/index.php?rest_route=\/wp\/v2\/users\/3"}],"replies":[{"embeddable":true,"href":"http:\/\/feuxfolletsgymdole.fr\/index.php?rest_route=%2Fwp%2Fv2%2Fcomments&post=1887"}],"version-history":[{"count":1,"href":"http:\/\/feuxfolletsgymdole.fr\/index.php?rest_route=\/wp\/v2\/posts\/1887\/revisions"}],"predecessor-version":[{"id":1888,"href":"http:\/\/feuxfolletsgymdole.fr\/index.php?rest_route=\/wp\/v2\/posts\/1887\/revisions\/1888"}],"wp:attachment":[{"href":"http:\/\/feuxfolletsgymdole.fr\/index.php?rest_route=%2Fwp%2Fv2%2Fmedia&parent=1887"}],"wp:term":[{"taxonomy":"category","embeddable":true,"href":"http:\/\/feuxfolletsgymdole.fr\/index.php?rest_route=%2Fwp%2Fv2%2Fcategories&post=1887"},{"taxonomy":"post_tag","embeddable":true,"href":"http:\/\/feuxfolletsgymdole.fr\/index.php?rest_route=%2Fwp%2Fv2%2Ftags&post=1887"}],"curies":[{"name":"wp","href":"https:\/\/api.w.org\/{rel}","templated":true}]}}