{"id":819,"date":"2019-05-06T10:57:57","date_gmt":"2019-05-06T10:57:57","guid":{"rendered":"http:\/\/feuxfolletsgymdole.fr\/?p=819"},"modified":"2019-05-06T10:58:23","modified_gmt":"2019-05-06T10:58:23","slug":"competition-regionale-du-4-et-5-mai-a-montceau-les-mines","status":"publish","type":"post","link":"http:\/\/feuxfolletsgymdole.fr\/?p=819","title":{"rendered":"Comp\u00e9tition r\u00e9gionale du 4 et 5 mai \u00e0 Montceau-les Mines"},"content":{"rendered":"<p>Les poussines Performance se retrouvaient samedi \u00e0 Montceau les Mines pour leur comp\u00e9tition r\u00e9gionale.<\/p>\n<p>Juliette se classe 30\u00e8me et Zo\u00e9 34 \u00e9me chez les 9 ans.<\/p>\n<p>&nbsp;<\/p>\n<p><img decoding=\"async\" loading=\"lazy\" class=\"alignnone wp-image-820\" src=\"http:\/\/feuxfolletsgymdole.fr\/wp-content\/uploads\/2019\/05\/IMG_20190504_163010-169x300.jpg\" alt=\"\" width=\"223\" height=\"396\" srcset=\"http:\/\/feuxfolletsgymdole.fr\/wp-content\/uploads\/2019\/05\/IMG_20190504_163010-169x300.jpg 169w, http:\/\/feuxfolletsgymdole.fr\/wp-content\/uploads\/2019\/05\/IMG_20190504_163010-768x1364.jpg 768w, http:\/\/feuxfolletsgymdole.fr\/wp-content\/uploads\/2019\/05\/IMG_20190504_163010-577x1024.jpg 577w, http:\/\/feuxfolletsgymdole.fr\/wp-content\/uploads\/2019\/05\/IMG_20190504_163010.jpg 1097w\" sizes=\"(max-width: 223px) 100vw, 223px\" \/>\u00a0 \u00a0 \u00a0 \u00a0 \u00a0 \u00a0 \u00a0 \u00a0 \u00a0 \u00a0 \u00a0 \u00a0 \u00a0 \u00a0 \u00a0 \u00a0 \u00a0 \u00a0 \u00a0 \u00a0 \u00a0 \u00a0 \u00a0<img decoding=\"async\" loading=\"lazy\" class=\"alignnone wp-image-821\" src=\"http:\/\/feuxfolletsgymdole.fr\/wp-content\/uploads\/2019\/05\/IMG_20190504_163036-197x300.jpg\" alt=\"\" width=\"261\" height=\"397\" srcset=\"http:\/\/feuxfolletsgymdole.fr\/wp-content\/uploads\/2019\/05\/IMG_20190504_163036-197x300.jpg 197w, http:\/\/feuxfolletsgymdole.fr\/wp-content\/uploads\/2019\/05\/IMG_20190504_163036-768x1168.jpg 768w, http:\/\/feuxfolletsgymdole.fr\/wp-content\/uploads\/2019\/05\/IMG_20190504_163036-673x1024.jpg 673w, http:\/\/feuxfolletsgymdole.fr\/wp-content\/uploads\/2019\/05\/IMG_20190504_163036.jpg 1137w\" sizes=\"(max-width: 261px) 100vw, 261px\" \/><\/p>\n<p>&nbsp;<\/p>\n<p>L&rsquo;\u00e9quipe f\u00e9d\u00e9rale 10\/13 ans compos\u00e9e de Delhia, Lila, Mallory et Lis\u00e9a se classe 11 \u00e9me.<\/p>\n<p>&nbsp;<\/p>\n<p><img decoding=\"async\" loading=\"lazy\" class=\"wp-image-822 aligncenter\" src=\"http:\/\/feuxfolletsgymdole.fr\/wp-content\/uploads\/2019\/05\/59498832_2351851394860903_6657599573982183424_n-300x169.jpg\" alt=\"\" width=\"508\" height=\"286\" srcset=\"http:\/\/feuxfolletsgymdole.fr\/wp-content\/uploads\/2019\/05\/59498832_2351851394860903_6657599573982183424_n-300x169.jpg 300w, http:\/\/feuxfolletsgymdole.fr\/wp-content\/uploads\/2019\/05\/59498832_2351851394860903_6657599573982183424_n-768x433.jpg 768w, http:\/\/feuxfolletsgymdole.fr\/wp-content\/uploads\/2019\/05\/59498832_2351851394860903_6657599573982183424_n.jpg 960w\" sizes=\"(max-width: 508px) 100vw, 508px\" \/><\/p>\n<p>&nbsp;<\/p>\n","protected":false},"excerpt":{"rendered":"<p>Les poussines Performance se retrouvaient samedi \u00e0 Montceau les Mines pour leur comp\u00e9tition r\u00e9gionale. Juliette se classe 30\u00e8me et Zo\u00e9 34 \u00e9me chez les 9 ans. &nbsp; \u00a0 \u00a0 \u00a0 \u00a0 \u00a0 \u00a0 \u00a0 \u00a0 \u00a0 \u00a0 \u00a0 \u00a0 \u00a0 \u00a0 \u00a0 \u00a0 \u00a0 \u00a0 \u00a0 \u00a0 \u00a0 \u00a0 \u00a0 &nbsp; L&rsquo;\u00e9quipe f\u00e9d\u00e9rale 10\/13 ans [&hellip;]<\/p>\n","protected":false},"author":1,"featured_media":0,"comment_status":"closed","ping_status":"open","sticky":false,"template":"","format":"standard","meta":[],"categories":[1,4],"tags":[],"_links":{"self":[{"href":"http:\/\/feuxfolletsgymdole.fr\/index.php?rest_route=\/wp\/v2\/posts\/819"}],"collection":[{"href":"http:\/\/feuxfolletsgymdole.fr\/index.php?rest_route=\/wp\/v2\/posts"}],"about":[{"href":"http:\/\/feuxfolletsgymdole.fr\/index.php?rest_route=\/wp\/v2\/types\/post"}],"author":[{"embeddable":true,"href":"http:\/\/feuxfolletsgymdole.fr\/index.php?rest_route=\/wp\/v2\/users\/1"}],"replies":[{"embeddable":true,"href":"http:\/\/feuxfolletsgymdole.fr\/index.php?rest_route=%2Fwp%2Fv2%2Fcomments&post=819"}],"version-history":[{"count":1,"href":"http:\/\/feuxfolletsgymdole.fr\/index.php?rest_route=\/wp\/v2\/posts\/819\/revisions"}],"predecessor-version":[{"id":823,"href":"http:\/\/feuxfolletsgymdole.fr\/index.php?rest_route=\/wp\/v2\/posts\/819\/revisions\/823"}],"wp:attachment":[{"href":"http:\/\/feuxfolletsgymdole.fr\/index.php?rest_route=%2Fwp%2Fv2%2Fmedia&parent=819"}],"wp:term":[{"taxonomy":"category","embeddable":true,"href":"http:\/\/feuxfolletsgymdole.fr\/index.php?rest_route=%2Fwp%2Fv2%2Fcategories&post=819"},{"taxonomy":"post_tag","embeddable":true,"href":"http:\/\/feuxfolletsgymdole.fr\/index.php?rest_route=%2Fwp%2Fv2%2Ftags&post=819"}],"curies":[{"name":"wp","href":"https:\/\/api.w.org\/{rel}","templated":true}]}}